{"id":10238,"date":"2016-11-05T09:56:50","date_gmt":"2016-11-05T08:56:50","guid":{"rendered":"https:\/\/villagedespruniers.net\/?page_id=10238"},"modified":"2022-05-07T04:10:43","modified_gmt":"2022-05-07T02:10:43","slug":"reportage-sur-la-priere-au-village-des-pruniers","status":"publish","type":"post","link":"https:\/\/plumvillage.org\/fr\/articles-fr\/reportage-sur-la-priere-au-village-des-pruniers","title":{"rendered":"Reportage sur la Pri\u00e8re au Village des Pruniers"},"content":{"rendered":"<p><iframe loading=\"lazy\" title=\"Sagesses bouddhistes 17 11 2013\" width=\"654\" height=\"368\" src=\"https:\/\/www.youtube.com\/embed\/gEYtHw1vu_Q?feature=oembed\" frameborder=\"0\" allow=\"accelerometer; autoplay; clipboard-write; encrypted-media; gyroscope; picture-in-picture; web-share\" referrerpolicy=\"strict-origin-when-cross-origin\" allowfullscreen><\/iframe><\/p>\n<p style=\"text-align: center;\"><strong><span style=\"color: #000080;\">La pri\u00e8re. Une matin\u00e9e exceptionnelle propos\u00e9e par les \u00e9missions religieuses des <\/span><\/strong><\/p>\n<p style=\"text-align: center;\"><strong><span style=\"color: #000080;\">\u201d Chemins de la Foi \u201cle 27 novembre 2013<\/span><\/strong><\/p>\n","protected":false},"excerpt":{"rendered":"<p>La pri\u00e8re. Une matin\u00e9e exceptionnelle propos\u00e9e par les \u00e9missions religieuses des \u201d Chemins de la Foi \u201cle 27 novembre 2013<\/p>\n","protected":false},"author":1142,"featured_media":0,"comment_status":"closed","ping_status":"closed","sticky":false,"template":"","format":"standard","meta":{"_acf_changed":false,"sync_status":"","episode_type":"","audio_file":"","podmotor_file_id":"","podmotor_episode_id":"","castos_file_data":"","cover_image":"","cover_image_id":"","duration":"","filesize":"","filesize_raw":"","date_recorded":"","explicit":"","block":"","itunes_episode_number":"","itunes_title":"","itunes_season_number":"","itunes_episode_type":"","ep_exclude_from_search":false,"footnotes":""},"categories":[],"pv_series":[],"class_list":["post-10238","post","type-post","status-publish","format-standard","hentry"],"acf":[],"jetpack_featured_media_url":"","_links":{"self":[{"href":"https:\/\/plumvillage.org\/fr\/wp-json\/wp\/v2\/posts\/10238","targetHints":{"allow":["GET"]}}],"collection":[{"href":"https:\/\/plumvillage.org\/fr\/wp-json\/wp\/v2\/posts"}],"about":[{"href":"https:\/\/plumvillage.org\/fr\/wp-json\/wp\/v2\/types\/post"}],"author":[{"embeddable":true,"href":"https:\/\/plumvillage.org\/fr\/wp-json\/wp\/v2\/users\/1142"}],"replies":[{"embeddable":true,"href":"https:\/\/plumvillage.org\/fr\/wp-json\/wp\/v2\/comments?post=10238"}],"version-history":[{"count":0,"href":"https:\/\/plumvillage.org\/fr\/wp-json\/wp\/v2\/posts\/10238\/revisions"}],"wp:attachment":[{"href":"https:\/\/plumvillage.org\/fr\/wp-json\/wp\/v2\/media?parent=10238"}],"wp:term":[{"taxonomy":"category","embeddable":true,"href":"https:\/\/plumvillage.org\/fr\/wp-json\/wp\/v2\/categories?post=10238"},{"taxonomy":"pv_series","embeddable":true,"href":"https:\/\/plumvillage.org\/fr\/wp-json\/wp\/v2\/pv_series?post=10238"}],"curies":[{"name":"wp","href":"https:\/\/api.w.org\/{rel}","templated":true}]}}