{"id":11748,"date":"2018-07-01T16:43:45","date_gmt":"2018-07-01T14:43:45","guid":{"rendered":"https:\/\/villagedespruniers.net\/?p=11748"},"modified":"2019-11-30T15:30:33","modified_gmt":"2019-11-30T14:30:33","slug":"le-monastere-de-la-source-guerissante","status":"publish","type":"post","link":"https:\/\/plumvillage.org\/fr\/articles-fr\/news-fr\/le-monastere-de-la-source-guerissante","title":{"rendered":"Notre r\u00eave se r\u00e9alise"},"content":{"rendered":"<h2>Notre r\u00eave se r\u00e9alise<\/h2>\n<p>&nbsp;<br \/>\n<img loading=\"lazy\" decoding=\"async\" class=\"wp-image-11754 alignright\" src=\"https:\/\/plumvillage.org\/wp-content\/uploads\/2018\/07\/1-1024x768.jpg\" alt=\"\" width=\"380\" height=\"285\" srcset=\"https:\/\/plumvillage.org\/wp-content\/uploads\/2018\/07\/1-1024x768.jpg 1024w, https:\/\/plumvillage.org\/wp-content\/uploads\/2018\/07\/1-499x374.jpg 499w, https:\/\/plumvillage.org\/wp-content\/uploads\/2018\/07\/1-768x576.jpg 768w, https:\/\/plumvillage.org\/wp-content\/uploads\/2018\/07\/1.jpg 1200w\" sizes=\"auto, (max-width: 380px) 100vw, 380px\" \/><br \/>\nChers amis,<br \/>\nNous avons de joyeuses nouvelles \u00e0 partager avec vous.<br \/>\nD\u2019abord, nous voudrions encore vous remercier pour votre g\u00e9n\u00e9rosit\u00e9. Nos c\u0153urs sont remplis de gratitude. Nous avons re\u00e7u tant de messages bienveillants et de meilleurs v\u0153ux. Des personnes du monde entier ont soutenu le Monast\u00e8re de la Source Gu\u00e9rissante. Nous avons re\u00e7u des dons, petits et grands, certains d\u2019entre vous se sont engag\u00e9s \u00e0 nous verser une somme mensuelle de soutien ou nous ont fait un legs. Nous avons m\u00eame re\u00e7u d\u2019une jeune fille Belge de 12 ans le don de son argent de poche pour l\u2019\u00e9t\u00e9. Au total, vous avez lev\u00e9 la somme de 430.000 euros, ce qui nous a beaucoup rapproch\u00e9 de la r\u00e9alisation de notre r\u00eave.<br \/>\nNous vous avons d\u00e9j\u00e0 parl\u00e9 de la belle atmosph\u00e8re spirituelle du couvent de Verdelot, de sa location parfaite au milieu de la nature, tout en \u00e9tant accessible depuis Paris. Les Fr\u00e8res ont \u00e9t\u00e9 profond\u00e9ment convaincus que c\u2019\u00e9tait l\u2019endroit o\u00f9 ils devaient s\u2019installer pour venir en aide aux pratiquants de Paris, du Nord de la France et du reste de l\u2019Europe. Notre souhait s\u2019est r\u00e9alis\u00e9. Nous avons re\u00e7u un pr\u00eat gracieux, qui nous a permis d\u2019acheter la propri\u00e9t\u00e9 avant m\u00eame d\u2019avoir soulev\u00e9 le montant int\u00e9gral dont nous avions besoin.<br \/>\nCette semaine, nous allons signer l\u2019acte de propri\u00e9t\u00e9 et recevoir les cl\u00e9s. Neuf des douze Fr\u00e8res qui habiteront au Monast\u00e8re de la Source Gu\u00e9rissante ont quitt\u00e9 le Hameau du Haut du Village des Pruniers le vendredi 12 octobre avec une camionnette pleine de n\u00e9cessit\u00e9s de bases et bien s\u00fbr d\u2019une cloche. L\u2019air \u00e9tait rempli de joie, de rire et d\u2019anticipation.<br \/>\nNous vous tiendrons au courant de nos premi\u00e8res semaines d\u2019installation et de pratique de la pleine conscience dans l\u2019ancien couvent catholique.<br \/>\nUn lotus pour vous<br \/>\nLes S\u0153urs et \u00a0Fr\u00e8res du Village des Pruniers<br \/>\nP.S. Si vous \u00eates int\u00e9ress\u00e9 pour visiter le Monast\u00e8re, vous pouvez trouver des informations\u00a0<a href=\"https:\/\/sourceguerissante.fr\/actualites\/preparation-pour-la-retraite-dhiver-2018-2019\/\">ici<\/a>.<br \/>\nP.S.2 Si vous habitez dans la r\u00e9gion autour de Verdelot, et vous voulez nous aider en faisant un don de meubles, de linge ou d\u2019articles m\u00e9nagers, veuillez s\u2019il vous pla\u00eet nous envoyer un mail \u00e0\u00a0<a href=\"mailto:info@sourceguerissante.fr\" target=\"_blank\" rel=\"noopener noreferrer\">info@sourceguerissante.fr<\/a>.<br \/>\n&nbsp;<\/p>\n<h2>Une video qui vous montre notre r\u00eave&#8230;<\/h2>\n<p><iframe loading=\"lazy\" title=\"Monast\u00e8re de la Source Gu\u00e9rissante, pr\u00e9sentation du projet\" width=\"654\" height=\"368\" src=\"https:\/\/www.youtube.com\/embed\/ax5-5-MzXAY?feature=oembed\" frameborder=\"0\" allow=\"accelerometer; autoplay; clipboard-write; encrypted-media; gyroscope; picture-in-picture; web-share\" referrerpolicy=\"strict-origin-when-cross-origin\" allowfullscreen><\/iframe><br \/>\nPour plus d&rsquo;informations, rendez-vous sur <a href=\"https:\/\/sourceguerissante.fr\/\">le site internet du\u00a0monast\u00e8re de la Source Gu\u00e9rissante<\/a><br \/>\nFaites votre don \u00e0 <a href=\"https:\/\/sourceguerissante.fr\/donner\">https:\/\/sourceguerissante.fr\/donner<\/a><\/p>\n","protected":false},"excerpt":{"rendered":"<p>Le Village des Pruniers a besoin de la g\u00e9n\u00e9rosit\u00e9 de tous ses amis spirituels pour continuer le travail de notre Ma\u00eetre Thich Nhat Hanh. Avec votre aide nous pouvons \u00e9tablir un nouveau centre de pleine conscience pr\u00e8s de Paris pour soutenir la communaut\u00e9 francophone.<\/p>\n","protected":false},"author":1124,"featured_media":11752,"comment_status":"open","ping_status":"closed","sticky":false,"template":"","format":"standard","meta":{"_acf_changed":false,"sync_status":"","episode_type":"","audio_file":"","podmotor_file_id":"","podmotor_episode_id":"","castos_file_data":"","cover_image":"","cover_image_id":"","duration":"","filesize":"","filesize_raw":"","date_recorded":"","explicit":"","block":"","itunes_episode_number":"","itunes_title":"","itunes_season_number":"","itunes_episode_type":"","ep_exclude_from_search":false,"footnotes":""},"categories":[1600],"pv_series":[],"class_list":["post-11748","post","type-post","status-publish","format-standard","has-post-thumbnail","hentry","category-news-fr"],"acf":[],"jetpack_featured_media_url":"https:\/\/plumvillage.org\/wp-content\/uploads\/2018\/07\/IMG_7401.jpg","_links":{"self":[{"href":"https:\/\/plumvillage.org\/fr\/wp-json\/wp\/v2\/posts\/11748","targetHints":{"allow":["GET"]}}],"collection":[{"href":"https:\/\/plumvillage.org\/fr\/wp-json\/wp\/v2\/posts"}],"about":[{"href":"https:\/\/plumvillage.org\/fr\/wp-json\/wp\/v2\/types\/post"}],"author":[{"embeddable":true,"href":"https:\/\/plumvillage.org\/fr\/wp-json\/wp\/v2\/users\/1124"}],"replies":[{"embeddable":true,"href":"https:\/\/plumvillage.org\/fr\/wp-json\/wp\/v2\/comments?post=11748"}],"version-history":[{"count":0,"href":"https:\/\/plumvillage.org\/fr\/wp-json\/wp\/v2\/posts\/11748\/revisions"}],"wp:featuredmedia":[{"embeddable":true,"href":"https:\/\/plumvillage.org\/fr\/wp-json\/wp\/v2\/media\/11752"}],"wp:attachment":[{"href":"https:\/\/plumvillage.org\/fr\/wp-json\/wp\/v2\/media?parent=11748"}],"wp:term":[{"taxonomy":"category","embeddable":true,"href":"https:\/\/plumvillage.org\/fr\/wp-json\/wp\/v2\/categories?post=11748"},{"taxonomy":"pv_series","embeddable":true,"href":"https:\/\/plumvillage.org\/fr\/wp-json\/wp\/v2\/pv_series?post=11748"}],"curies":[{"name":"wp","href":"https:\/\/api.w.org\/{rel}","templated":true}]}}