{"id":11812,"date":"2018-08-05T12:13:12","date_gmt":"2018-08-05T10:13:12","guid":{"rendered":"https:\/\/villagedespruniers.net\/?p=11812"},"modified":"2019-11-30T15:30:33","modified_gmt":"2019-11-30T14:30:33","slug":"retraite-dete-2018-clip-video","status":"publish","type":"post","link":"https:\/\/plumvillage.org\/fr\/articles-fr\/news-fr\/retraite-dete-2018-clip-video","title":{"rendered":"Retraite d&#039;\u00e9t\u00e9 2018 &#8211; Clip vid\u00e9o"},"content":{"rendered":"<p><a href=\"https:\/\/villagedespruniers.net\/retreats\/info\/retraite-dete-2018\/\">La retraite d&rsquo;\u00e9t\u00e9 de l&rsquo;ann\u00e9e 2018<\/a> vient de s&rsquo;achever, les photographes du Village ont confectionne un clip vid\u00e9o avec les photos prises pendant ces quatre derni\u00e8res semaines.<br \/>\n<a href=\"https:\/\/www.youtube.com\/watch?v=6LKZw-hZ0Qk&#038;t=254s\">https:\/\/www.youtube.com\/watch?v=6LKZw-hZ0Qk&amp;t=254s<\/a><\/p>\n","protected":false},"excerpt":{"rendered":"<p>La retraite d&rsquo;\u00e9t\u00e9 de l&rsquo;ann\u00e9e 2018 vient de s&rsquo;achever, les photographes du Village ont confectionne un clip vid\u00e9o avec les photos prises pendant ces quatre derni\u00e8res semaines.<\/p>\n","protected":false},"author":1124,"featured_media":11813,"comment_status":"open","ping_status":"closed","sticky":false,"template":"","format":"standard","meta":{"_acf_changed":false,"sync_status":"","episode_type":"","audio_file":"","podmotor_file_id":"","podmotor_episode_id":"","castos_file_data":"","cover_image":"","cover_image_id":"","duration":"","filesize":"","filesize_raw":"","date_recorded":"","explicit":"","block":"","itunes_episode_number":"","itunes_title":"","itunes_season_number":"","itunes_episode_type":"","ep_exclude_from_search":false,"footnotes":""},"categories":[1600],"pv_series":[],"class_list":["post-11812","post","type-post","status-publish","format-standard","has-post-thumbnail","hentry","category-news-fr"],"acf":[],"jetpack_featured_media_url":"https:\/\/plumvillage.org\/wp-content\/uploads\/2018\/08\/Young-nuns-practising-playful-mindfulness-with-children-during-the-summer-retreat-1024x678-1.jpg","_links":{"self":[{"href":"https:\/\/plumvillage.org\/fr\/wp-json\/wp\/v2\/posts\/11812","targetHints":{"allow":["GET"]}}],"collection":[{"href":"https:\/\/plumvillage.org\/fr\/wp-json\/wp\/v2\/posts"}],"about":[{"href":"https:\/\/plumvillage.org\/fr\/wp-json\/wp\/v2\/types\/post"}],"author":[{"embeddable":true,"href":"https:\/\/plumvillage.org\/fr\/wp-json\/wp\/v2\/users\/1124"}],"replies":[{"embeddable":true,"href":"https:\/\/plumvillage.org\/fr\/wp-json\/wp\/v2\/comments?post=11812"}],"version-history":[{"count":0,"href":"https:\/\/plumvillage.org\/fr\/wp-json\/wp\/v2\/posts\/11812\/revisions"}],"wp:featuredmedia":[{"embeddable":true,"href":"https:\/\/plumvillage.org\/fr\/wp-json\/wp\/v2\/media\/11813"}],"wp:attachment":[{"href":"https:\/\/plumvillage.org\/fr\/wp-json\/wp\/v2\/media?parent=11812"}],"wp:term":[{"taxonomy":"category","embeddable":true,"href":"https:\/\/plumvillage.org\/fr\/wp-json\/wp\/v2\/categories?post=11812"},{"taxonomy":"pv_series","embeddable":true,"href":"https:\/\/plumvillage.org\/fr\/wp-json\/wp\/v2\/pv_series?post=11812"}],"curies":[{"name":"wp","href":"https:\/\/api.w.org\/{rel}","templated":true}]}}