{"id":70161,"date":"2019-04-20T16:56:44","date_gmt":"2019-04-20T14:56:44","guid":{"rendered":"https:\/\/villagedespruniers.net\/?p=70161"},"modified":"2019-11-30T15:30:30","modified_gmt":"2019-11-30T14:30:30","slug":"paroles-de-volontaires","status":"publish","type":"post","link":"https:\/\/plumvillage.org\/fr\/articles-fr\/news-fr\/paroles-de-volontaires","title":{"rendered":"Paroles de volontaires"},"content":{"rendered":"\n<figure class=\"wp-block-image alignfull\"><img loading=\"lazy\" decoding=\"async\" width=\"1024\" height=\"683\" src=\"https:\/\/plumvillage.org\/wp-content\/uploads\/2019\/04\/laver-les-l\u00e9gumes-1024x683.jpg\" alt=\"Quelques feuilles de salade flottent dans une bassine et deux mains s'approchent d'elles pour les laver\" class=\"wp-image-70167\" srcset=\"https:\/\/plumvillage.org\/wp-content\/uploads\/2019\/04\/laver-les-l\u00e9gumes-1024x683.jpg 1024w, https:\/\/plumvillage.org\/wp-content\/uploads\/2019\/04\/laver-les-l\u00e9gumes-499x333.jpg 499w, https:\/\/plumvillage.org\/wp-content\/uploads\/2019\/04\/laver-les-l\u00e9gumes-768x512.jpg 768w, https:\/\/plumvillage.org\/wp-content\/uploads\/2019\/04\/laver-les-l\u00e9gumes.jpg 1200w\" sizes=\"auto, (max-width: 1024px) 100vw, 1024px\" \/><figcaption>Laver la salade en Pleine Conscience<\/figcaption><\/figure>\n\n\n<h4 class=\"wp-block-heading\">Pendant la retraite francophone, des amis ont offert de leur temps pour soutenir la communaut\u00e9 du Village des Pruniers \u00e0 recevoir les retraitants. Voici quelques uns de leurs t\u00e9moignages:<\/h4>\n\n\n<p>Quelle est ton exp\u00e9rience de volontaire au Village des Pruniers?<\/p>\n\n\n<p class=\"has-medium-font-size\">H\u00e9l\u00e8ne: Une merveilleuse exp\u00e9rience! Une exp\u00e9rience de partage, de bonheur communautaire, d&rsquo;accomplissement de soi aussi parce qu&rsquo;\u00e0 travers ce volontariat \u00e9merge une \u00e9nergie de service qui nous remplit de joie&#8230; <\/p>\n\n\n<div class=\"wp-block-image\"><figure class=\"alignleft\"><img decoding=\"async\" src=\"https:\/\/plumvillage.org\/wp-content\/uploads\/2019\/04\/couper-les-l\u00e9gumes-200x300.jpg\" alt=\"Trois personnes coupent des potirons. LA premi\u00e8re en gros plan porte un pull de la m\u00eame couleur que les l\u00e9gumes\" class=\"wp-image-70171\"\/><figcaption>couper les l\u00e9gumes<\/figcaption><\/figure><\/div>\n\n\n<p>Si tu avais un conseil \u00e0 donner aux futurs volontaires, qu&rsquo;est ce que tu leur dirais ?<\/p>\n\n\n<p class=\"has-medium-font-size\">H\u00e9l\u00e8ne: Je leur dirai que c&rsquo;est un merveilleux endroit pour venir pratiquer la Pleine Conscience, l&rsquo;amour, le partage et pour s&rsquo;entourer de gens qui nous apportent beaucoup. Quand on repart, c&rsquo;est en \u00e9tant rempli, nourri et on peut continuer son chemin&#8230;<\/p>\n\n\n<p><\/p>\n\n\n<h2 class=\"wp-block-heading\"><\/h2>\n\n\n<p><em>Quelle genre de t\u00e2ches tu as \u00e9t\u00e9 appel\u00e9e \u00e0 effectuer en tant que volontaire ? <\/em><\/p>\n\n\n<p class=\"has-medium-font-size\">Marie Ange: Il y a eu les casseroles, la premi\u00e8re, \u00e7a a \u00e9t\u00e9 des casseroles pendant 21 jours&#8230;Apr\u00e8s j&rsquo;ai fait la st\u00e9rilisation, mais je n&rsquo;ai jamais nettoy\u00e9 les toilettes, ni le jardin&#8230;<\/p>\n\n\n<div class=\"wp-block-image\"><figure class=\"aligncenter\"><img decoding=\"async\" src=\"https:\/\/plumvillage.org\/wp-content\/uploads\/2019\/04\/jardiner-300x200.jpg\" alt=\"Deux amies sont en train d'enlever les mauvaises herbes et regardent la cam\u00e9ra en souriant\" class=\"wp-image-70168\"\/><\/figure><\/div>\n\n\n<p><em>Qu&rsquo;est ce que t&rsquo;apporte de travailler avec d&rsquo;autres personnes, en famille?<\/em><\/p>\n\n\n<p class=\"has-medium-font-size\">Marie Ange: Je trouve que \u00e7a d\u00e9veloppe vraiment une autre relation avec les gens de la famille. On doit les accompagner mais de mani\u00e8re extr\u00eamement douce et prendre soin d&rsquo;eux en m\u00eame temps. On peut les aider \u00e0 amener la Pleine Conscience dans le travail parce qu&rsquo;en g\u00e9n\u00e9ral ils arrivent avec des \u00e9nergies d&rsquo;habitudes, d&rsquo;aller vite pour terminer vite. On peut leur montrer qu&rsquo;on se peut poser entre temps. Tr\u00e8s rapidement les personnes prennent de l&rsquo;autonomie dans leurs t\u00e2ches et sont heureuses de pouvoir servir. A la maison on n&rsquo;a pas envie de le faire mais l\u00e0 le fait d&rsquo;\u00eatre en groupe et d&rsquo;accomplir les t\u00e2ches en Pleine conscience change tout.<\/p>\n\n\n<p><em>Qu&rsquo;est ce qui est le plus difficile quand on vient comme volontaire pour une grande retraite au Village des Pruniers<\/em><\/p>\n\n\n<p class=\"has-medium-font-size\">Naomi: Pour moi, C&rsquo;est de ne pas tomber dans des \u00e9nergies d&rsquo;habitudes de faire les choses vites et d&rsquo;encha\u00eener. Mais j&rsquo;observe qu&rsquo;avec le temps j&rsquo;arrive \u00e0 utiliser des petites astuces pour revenir dans l&rsquo;instant pr\u00e9sent et maintenir la fra\u00eecheur. <\/p>\n\n\n<div class=\"wp-block-image\"><figure class=\"aligncenter\"><img loading=\"lazy\" decoding=\"async\" width=\"1024\" height=\"683\" src=\"https:\/\/plumvillage.org\/wp-content\/uploads\/2019\/04\/chanter-1024x683.jpg\" alt=\"Un groupe r\u00e9uni en cercle chante. Un des ses membres joue de la guitare\" class=\"wp-image-70170\" srcset=\"https:\/\/plumvillage.org\/wp-content\/uploads\/2019\/04\/chanter-1024x683.jpg 1024w, https:\/\/plumvillage.org\/wp-content\/uploads\/2019\/04\/chanter-499x333.jpg 499w, https:\/\/plumvillage.org\/wp-content\/uploads\/2019\/04\/chanter-768x512.jpg 768w, https:\/\/plumvillage.org\/wp-content\/uploads\/2019\/04\/chanter.jpg 1200w\" sizes=\"auto, (max-width: 1024px) 100vw, 1024px\" \/><\/figure><\/div>\n\n\n<p><em>Est que tu peux partager avec nous une de ces petites astuces ? <\/em><\/p>\n\n\n<p class=\"has-medium-font-size\">Naomi: Mon astuce se situe dans mes pieds ! J&rsquo;aime beaucoup faire attention \u00e0 mes pieds et quand je commence \u00e0 me d\u00e9placer, je reviens \u00e0 mes pas. D\u00e8s que j&rsquo;arrive \u00e0 marcher en me connectant \u00e0 mes pieds, je commence \u00e0 ralentir. Je ne suis plus dans ma rapidit\u00e9 habituelle. Et l\u00e0 je touche la joie de ralentir. Je peux me dire \u201d tout va bien, je peux prendre mon temps et appr\u00e9cier les choses\u201d. Plus je fais cela, moins je suis pr\u00e9occup\u00e9e, les choses semblent se faire toutes seules avec beaucoup plus de l\u00e9g\u00e8ret\u00e9.<\/p>\n\n\n<p><em>Est ce que tu as envie de revenir en tant que volontaire ?<\/em><\/p>\n\n\n<p class=\"has-medium-font-size\">H\u00e9l\u00e8ne: Je reviendrai tous les ans si possible&#8230;<\/p>\n\n\n<figure class=\"wp-block-image\"><img loading=\"lazy\" decoding=\"async\" width=\"1024\" height=\"683\" src=\"https:\/\/plumvillage.org\/wp-content\/uploads\/2019\/04\/recycler-1024x683.jpg\" alt=\"Une amie et son fils sont debout devant une brouette et ils d\u00e9plient des cartons pour les recycler\" class=\"wp-image-70169\" srcset=\"https:\/\/plumvillage.org\/wp-content\/uploads\/2019\/04\/recycler-1024x683.jpg 1024w, https:\/\/plumvillage.org\/wp-content\/uploads\/2019\/04\/recycler-499x333.jpg 499w, https:\/\/plumvillage.org\/wp-content\/uploads\/2019\/04\/recycler-768x512.jpg 768w, https:\/\/plumvillage.org\/wp-content\/uploads\/2019\/04\/recycler.jpg 1200w\" sizes=\"auto, (max-width: 1024px) 100vw, 1024px\" \/><figcaption>Prendre plaisir \u00e0 recycler<\/figcaption><\/figure>\n","protected":false},"excerpt":{"rendered":"<p>Pendant la retraite francophone, des amis ont offert de leur temps pour soutenir la communaut\u00e9 du Village des Pruniers \u00e0 recevoir les retraitants. Voici quelques uns de leurs t\u00e9moignages: Quelle est ton exp\u00e9rience de volontaire au Village des Pruniers? H\u00e9l\u00e8ne: Une merveilleuse exp\u00e9rience! Une exp\u00e9rience de partage, de bonheur communautaire, d&rsquo;accomplissement de soi aussi parce<\/p>\n","protected":false},"author":1141,"featured_media":0,"comment_status":"open","ping_status":"closed","sticky":false,"template":"","format":"standard","meta":{"_acf_changed":false,"sync_status":"","episode_type":"","audio_file":"","podmotor_file_id":"","podmotor_episode_id":"","castos_file_data":"","cover_image":"","cover_image_id":"","duration":"","filesize":"","filesize_raw":"","date_recorded":"","explicit":"","block":"","itunes_episode_number":"","itunes_title":"","itunes_season_number":"","itunes_episode_type":"","ep_exclude_from_search":false,"footnotes":""},"categories":[1600],"pv_series":[],"class_list":["post-70161","post","type-post","status-publish","format-standard","hentry","category-news-fr"],"acf":[],"jetpack_featured_media_url":"","_links":{"self":[{"href":"https:\/\/plumvillage.org\/fr\/wp-json\/wp\/v2\/posts\/70161","targetHints":{"allow":["GET"]}}],"collection":[{"href":"https:\/\/plumvillage.org\/fr\/wp-json\/wp\/v2\/posts"}],"about":[{"href":"https:\/\/plumvillage.org\/fr\/wp-json\/wp\/v2\/types\/post"}],"author":[{"embeddable":true,"href":"https:\/\/plumvillage.org\/fr\/wp-json\/wp\/v2\/users\/1141"}],"replies":[{"embeddable":true,"href":"https:\/\/plumvillage.org\/fr\/wp-json\/wp\/v2\/comments?post=70161"}],"version-history":[{"count":0,"href":"https:\/\/plumvillage.org\/fr\/wp-json\/wp\/v2\/posts\/70161\/revisions"}],"wp:attachment":[{"href":"https:\/\/plumvillage.org\/fr\/wp-json\/wp\/v2\/media?parent=70161"}],"wp:term":[{"taxonomy":"category","embeddable":true,"href":"https:\/\/plumvillage.org\/fr\/wp-json\/wp\/v2\/categories?post=70161"},{"taxonomy":"pv_series","embeddable":true,"href":"https:\/\/plumvillage.org\/fr\/wp-json\/wp\/v2\/pv_series?post=70161"}],"curies":[{"name":"wp","href":"https:\/\/api.w.org\/{rel}","templated":true}]}}