{"id":70294,"date":"2019-07-28T11:20:02","date_gmt":"2019-07-28T09:20:02","guid":{"rendered":"https:\/\/villagedespruniers.net\/?p=70294"},"modified":"2019-11-30T15:30:29","modified_gmt":"2019-11-30T14:30:29","slug":"retraite-dete-2019-2","status":"publish","type":"post","link":"https:\/\/plumvillage.org\/fr\/articles-fr\/news-fr\/retraite-dete-2019-2","title":{"rendered":"Retraite d&#039;\u00e9t\u00e9 2019 (2)"},"content":{"rendered":"\n<p><\/p>\n\n\n<p>D\u00e8s sa cr\u00e9ation, le Village des Pruniers a accueilli des enfants l&rsquo;\u00e9t\u00e9, leur offrant un espace pour aborder les pratiques de base de la Pleine Conscience dans la joie.  Un des nos amis raconte ses souvenirs de la premi\u00e8re retraite d&rsquo;\u00e9t\u00e9 \u00e0 laquelle il a assist\u00e9, en juillet 1983, et sa rencontre avec les enfants pr\u00e9sents&#8230;<\/p>\n\n\n<div class=\"wp-block-image\"><figure class=\"aligncenter\"><img loading=\"lazy\" decoding=\"async\" width=\"1024\" height=\"436\" src=\"https:\/\/plumvillage.org\/wp-content\/uploads\/2018\/08\/Sunflowers-1-1024x436.jpg\" alt=\"\" class=\"wp-image-11822\" srcset=\"https:\/\/plumvillage.org\/wp-content\/uploads\/2018\/08\/Sunflowers-1-1024x436.jpg 1024w, https:\/\/plumvillage.org\/wp-content\/uploads\/2018\/08\/Sunflowers-1-499x212.jpg 499w, https:\/\/plumvillage.org\/wp-content\/uploads\/2018\/08\/Sunflowers-1-768x327.jpg 768w, https:\/\/plumvillage.org\/wp-content\/uploads\/2018\/08\/Sunflowers-1-1536x654.jpg 1536w, https:\/\/plumvillage.org\/wp-content\/uploads\/2018\/08\/Sunflowers-1-2048x872.jpg 2048w\" sizes=\"auto, (max-width: 1024px) 100vw, 1024px\" \/><figcaption>Les tournesols pr\u00e8s du Village des Pruniers<\/figcaption><\/figure><\/div>\n\n\n<p class=\"has-medium-font-size\"><em>Quel est le souvenir le plus marquant de ta toute premi\u00e8re retraite d&rsquo;\u00e9t\u00e9 ?<\/em><\/p>\n\n\n<p>Quand je suis arriv\u00e9, j&rsquo;\u00e9tais d\u00e9j\u00e0 connu. Quand j&rsquo;ai dit mon nom, soeur Ch\u00e2n Kh\u00f4ng qui n&rsquo;\u00e9tait pas encore soeur, m&rsquo;a dit: \u201d Ah! mais, c&rsquo;est vous \u201cJean Pierre!\u201d\u201d<\/p>\n\n\n<p> J&rsquo;ai \u00e9t\u00e9 tr\u00e8s surpris d&rsquo;\u00eatre d\u00e9j\u00e0 connu alors que je n&rsquo;\u00e9tais jamais venu ici. Apr\u00e8s j&rsquo;ai compris que c&rsquo;est parce que je venais par l&rsquo;interm\u00e9diaire d&rsquo;un groupe d&rsquo;amis vietnamiens.<\/p>\n\n\n<p class=\"has-medium-font-size\"><em>Combien y avait-il de participants pour la retraite d&rsquo;\u00e9t\u00e9 en 1983 ?<\/em><\/p>\n\n\n<p>Je dirais pas plus de 50, enfants inclus.<\/p>\n\n\n<div class=\"wp-block-image\"><figure class=\"aligncenter\"><img loading=\"lazy\" decoding=\"async\" width=\"683\" height=\"1024\" src=\"https:\/\/plumvillage.org\/wp-content\/uploads\/2019\/07\/IMG_2166-683x1024.jpg\" alt=\"Lanternes allum\u00e9es \" class=\"wp-image-70303\" srcset=\"https:\/\/plumvillage.org\/wp-content\/uploads\/2019\/07\/IMG_2166-683x1024.jpg 683w, https:\/\/plumvillage.org\/wp-content\/uploads\/2019\/07\/IMG_2166-499x749.jpg 499w, https:\/\/plumvillage.org\/wp-content\/uploads\/2019\/07\/IMG_2166-768x1152.jpg 768w, https:\/\/plumvillage.org\/wp-content\/uploads\/2019\/07\/IMG_2166-1024x1536.jpg 1024w, https:\/\/plumvillage.org\/wp-content\/uploads\/2019\/07\/IMG_2166-1365x2048.jpg 1365w, https:\/\/plumvillage.org\/wp-content\/uploads\/2019\/07\/IMG_2166-scaled.jpg 1707w\" sizes=\"auto, (max-width: 683px) 100vw, 683px\" \/><figcaption>D\u00e8s sa cr\u00e9ation, le Village des Pruniers a tenu \u00e0 c\u00e9l\u00e9brer chaque \u00e9t\u00e9 les f\u00eate traditionnelles du Vietnam. Ici, les lanternes de la f\u00eate de la Pleine Lune. <\/figcaption><\/figure><\/div>\n\n\n<p class=\"has-medium-font-size\"><em>Comment as tu rencontr\u00e9 Th\u00e2y ?<\/em><\/p>\n\n\n<p> C&rsquo;\u00e9tait dans la salle \u00e0 manger actuelle du Hameau du Bas. Il y avait une sorte de partage ou d&rsquo;enseignement et une petite dizaine de personnes \u00e9taient rassembl\u00e9es autour du tableau blanc. Un monsieur \u00e9tait en train d&rsquo;expliquer quelque chose au tableau. Et au d\u00e9but, j&rsquo;ai pens\u00e9 que c&rsquo;\u00e9tait lui, le ma\u00eetre. Mais d&rsquo;un seul coup, celui qui \u00e9crivait au tableau a d\u00fb dire quelque chose qui n&rsquo;allait pas parce que quelqu&rsquo;un d&rsquo;autre s&rsquo;est lev\u00e9 d&rsquo;un bond du banc o\u00f9 il \u00e9tait assis pour prendre la craie ou le marqueur, je ne me souviens plus tr\u00e8s bien, et il a corrig\u00e9 tout ce que l&rsquo;autre avait fait. Et j&rsquo;ai r\u00e9alis\u00e9 que c&rsquo;\u00e9tait lui le ma\u00eetre parce qu&rsquo;il avait un telle vivacit\u00e9 et une fa\u00e7on d&rsquo;expliquer les choses tellement claire et tellement pr\u00e9cise que j&rsquo;ai compris que \u00e7a ne pouvait qu&rsquo;\u00eatre lui.<\/p>\n\n\n<p class=\"has-medium-font-size\">Et comment as-tu rencontr\u00e9 les enfants ?<\/p>\n\n\n<p>J&rsquo;\u00e9tais le seul fran\u00e7ais au milieu des vietnamiens. Je ne comprenais rien du tout, c&rsquo;est la future soeur Ch\u00e2n Kh\u00f4ng qui m&rsquo;a dit: \u201cRegardez les autres et contentez vous de faire la m\u00eame chose qu&rsquo;eux !\u201d<\/p>\n\n\n<div class=\"wp-block-image\"><figure class=\"aligncenter\"><img loading=\"lazy\" decoding=\"async\" width=\"1024\" height=\"683\" src=\"https:\/\/plumvillage.org\/wp-content\/uploads\/2019\/07\/IMG_1447-1024x683.jpg\" alt=\"Trois adolescentes descendent la colline du Hameau Nouveau en courant.\" class=\"wp-image-70300\" srcset=\"https:\/\/plumvillage.org\/wp-content\/uploads\/2019\/07\/IMG_1447-1024x683.jpg 1024w, https:\/\/plumvillage.org\/wp-content\/uploads\/2019\/07\/IMG_1447-499x333.jpg 499w, https:\/\/plumvillage.org\/wp-content\/uploads\/2019\/07\/IMG_1447-768x512.jpg 768w, https:\/\/plumvillage.org\/wp-content\/uploads\/2019\/07\/IMG_1447-1536x1024.jpg 1536w, https:\/\/plumvillage.org\/wp-content\/uploads\/2019\/07\/IMG_1447-2048x1365.jpg 2048w\" sizes=\"auto, (max-width: 1024px) 100vw, 1024px\" \/><figcaption>Des adolescentes pendant la retraite d&rsquo;\u00e9t\u00e9 2019 <\/figcaption><\/figure><\/div>\n\n\n<p>Et puis le lendemain de mon arriv\u00e9e, comme je restais debout un peu \u00e0 l&rsquo;\u00e9cart, ne connaissant personne, Th\u00e2y est venu, il a mis ses deux mains sur mes \u00e9paules et il  m&rsquo;a pouss\u00e9 doucement vers les enfants et disant:<\/p>\n\n\n<p>\u201cJean Pierre, apprenez \u00e0 chanter en vietnamien &#8230;\u201d<\/p>\n\n\n<p>C&rsquo;\u00e9tait tr\u00e8s touchant parce que les enfants se sont mis autour de moi et m&rsquo;ont emmen\u00e9 pour chanter avec eux en essayant de m&rsquo;apprendre le vietnamien !.<\/p>\n\n\n<p><\/p>\n","protected":false},"excerpt":{"rendered":"<p>D\u00e8s sa cr\u00e9ation, le Village des Pruniers a accueilli des enfants l&rsquo;\u00e9t\u00e9, leur offrant un espace pour aborder les pratiques de base de la Pleine Conscience dans la joie. Un des nos amis raconte ses souvenirs de la premi\u00e8re retraite d&rsquo;\u00e9t\u00e9 \u00e0 laquelle il a assist\u00e9, en juillet 1983, et sa rencontre avec les enfants<\/p>\n","protected":false},"author":1141,"featured_media":0,"comment_status":"open","ping_status":"closed","sticky":false,"template":"","format":"standard","meta":{"_acf_changed":false,"sync_status":"","episode_type":"","audio_file":"","podmotor_file_id":"","podmotor_episode_id":"","castos_file_data":"","cover_image":"","cover_image_id":"","duration":"","filesize":"","filesize_raw":"","date_recorded":"","explicit":"","block":"","itunes_episode_number":"","itunes_title":"","itunes_season_number":"","itunes_episode_type":"","ep_exclude_from_search":false,"footnotes":""},"categories":[1600],"pv_series":[],"class_list":["post-70294","post","type-post","status-publish","format-standard","hentry","category-news-fr"],"acf":[],"jetpack_featured_media_url":"","_links":{"self":[{"href":"https:\/\/plumvillage.org\/fr\/wp-json\/wp\/v2\/posts\/70294","targetHints":{"allow":["GET"]}}],"collection":[{"href":"https:\/\/plumvillage.org\/fr\/wp-json\/wp\/v2\/posts"}],"about":[{"href":"https:\/\/plumvillage.org\/fr\/wp-json\/wp\/v2\/types\/post"}],"author":[{"embeddable":true,"href":"https:\/\/plumvillage.org\/fr\/wp-json\/wp\/v2\/users\/1141"}],"replies":[{"embeddable":true,"href":"https:\/\/plumvillage.org\/fr\/wp-json\/wp\/v2\/comments?post=70294"}],"version-history":[{"count":0,"href":"https:\/\/plumvillage.org\/fr\/wp-json\/wp\/v2\/posts\/70294\/revisions"}],"wp:attachment":[{"href":"https:\/\/plumvillage.org\/fr\/wp-json\/wp\/v2\/media?parent=70294"}],"wp:term":[{"taxonomy":"category","embeddable":true,"href":"https:\/\/plumvillage.org\/fr\/wp-json\/wp\/v2\/categories?post=70294"},{"taxonomy":"pv_series","embeddable":true,"href":"https:\/\/plumvillage.org\/fr\/wp-json\/wp\/v2\/pv_series?post=70294"}],"curies":[{"name":"wp","href":"https:\/\/api.w.org\/{rel}","templated":true}]}}