{"id":9835,"date":"2016-02-15T18:41:29","date_gmt":"2016-02-15T17:41:29","guid":{"rendered":"http:\/\/pruniers.wpengine.com\/?p=9835"},"modified":"2019-11-30T15:30:39","modified_gmt":"2019-11-30T14:30:39","slug":"retraites-wake-up-en-france","status":"publish","type":"post","link":"https:\/\/plumvillage.org\/fr\/articles-fr\/news-fr\/retraites-wake-up-en-france","title":{"rendered":"Retraites Wake Up en France"},"content":{"rendered":"<p>Voici le calendrier des retraites pour les jeunes qui souhaitent se retrouver pour pratiquer ensemble et partager des moments\u00a0dans la simplicit\u00e9. la joie, la paix et l&rsquo;harmonie. <em><a href=\"http:\/\/pruniers.wpengine.com\/au-sujet\/wake-up-jeunes\/\" target=\"_blank\" rel=\"noopener noreferrer\">Pour en savoir plus le mouvement Wake Up&#8230;<\/a><\/em><br \/>\n<strong>9-16 Avril: Retraite des jeunes \u00e0 la Boissi\u00e8re aux C\u00e9vennes \u00a0<\/strong>(retraite organis\u00e9e par les jeunes de Wake Up&#8230;voir ci-dessous)<br \/>\n<strong>14-16 Mai: Retraite des jeunes \u00e0 <a href=\"http:\/\/maisondelinspir.over-blog.com\/\" target=\"_blank\" rel=\"noopener noreferrer\">la Maison de l&rsquo;Inspir<\/a><\/strong>: Les inscriptions commenceront au<br \/>\nprintemps.<br \/>\n<strong>5-12 Ao\u00fbt: Wake Up \u201cEarth Retreat\u201d au Village des Pruniers<\/strong> (retraite\u00a0internationale). Les inscriptions commenceront au mois d&rsquo;Avril.<br \/>\n&nbsp;<\/p>\n<p style=\"text-align: center;\"><em>Voici l&rsquo;invitation des jeunes qui organisent la retraite aux C\u00e9vennes:<\/em><\/p>\n<p><a href=\"https:\/\/plumvillage.org\/wp-content\/uploads\/2016\/02\/Ardeche.jpg\"><img loading=\"lazy\" decoding=\"async\" class=\" size-medium wp-image-9836 aligncenter\" src=\"http:\/\/pruniers.wpengine.com\/wp-content\/uploads\/2016\/02\/Ardeche-300x225.jpg\" alt=\"Ardeche\" width=\"300\" height=\"225\" \/><\/a><br \/>\n\u201c<em>Cette ann\u00e9e encore, la Boissi\u00e8re ouvre ses portes pour une nouvelle retraite jeunes dans la joie et la bonne humeur.<\/em><br \/>\n<em> Suite au succ\u00e8s des ann\u00e9es pr\u00e9c\u00e9dentes, c\u2019est avec grand plaisir que nous vous invitons \u00e0 nous rejoindre dans ce petit hameau sympathique des C\u00e9vennes du 9 au 16 avril 2016 pour une nouvelle aventure ensemble.<\/em><br \/>\n<em> Pour cette retraite, nous nous inspirerons de l&rsquo;enseignement de pleine conscience du moine Bouddhiste Zen Vietnamien, Thich Nhat Hanh, tel qu&rsquo;il l&rsquo;enseigne au Village des Pruniers et nous co-animerons la retraite avec des moines et moniales venus expr\u00e8s pour l&rsquo;occasion.<\/em><br \/>\n<em> Venez donc pratiquer avec nous et profitons du beau cadre pour appr\u00e9cier le moment avec des pratiques diverses comme la m\u00e9ditation assise ou march\u00e9e, des repas pris ensemble, le partage, la relaxation, le rire, les jeux, ainsi que tout ce que le c\u0153ur nous inspirera&#8230;<\/em><br \/>\n<em>Ce sera l\u2019opportunit\u00e9 pour nous de nous reconnecter \u00e0 nous-m\u00eames, \u00e0 la merveilleuse nature qui nous entoure et \u00e0 la vie simple. Pr\u00e9parez-vous donc \u00e0 une semaine dans un lieu recul\u00e9 et simple avec des conditions rustiques et beaucoup de randonn\u00e9e (de bonnes chaussures s\u2019imposent\u2026)<\/em><br \/>\n<em> Le prix de la retraite est de 120 euros, ce qui inclut une possibilit\u00e9 de transport \u00e0 partir des gares les plus proches de Villefort ou des Vans.<\/em><br \/>\n<em> Nous avons la place pour un maximum de 30 personnes, donc n&rsquo;h\u00e9sitez pas, venez nombreux, les yeux et le c\u0153ur ouverts, et vivons un moment pr\u00e9cieux ensemble.\u201d<\/em><\/p>\n<blockquote><p>Inscriptions ouvertes \u00e0 partir du 1er f\u00e9vrier.<br \/>\nPour plus d\u2019informations et pour s&rsquo;inscrire, merci de contacter: \u00a0lecomte.adrien.2@gmail.com<\/p><\/blockquote>\n<p>&nbsp;<br \/>\n&nbsp;<\/p>\n","protected":false},"excerpt":{"rendered":"<p>Voici le calendrier des retraites pour les jeunes qui souhaitent se retrouver pour pratiquer ensemble et partager des moments\u00a0dans la simplicit\u00e9. la joie, la paix et l&rsquo;harmonie. Pour en savoir plus le mouvement Wake Up&#8230; 9-16 Avril: Retraite des jeunes \u00e0 la Boissi\u00e8re aux C\u00e9vennes \u00a0(retraite organis\u00e9e par les jeunes de Wake Up&#8230;voir ci-dessous) 14-16<\/p>\n","protected":false},"author":1060,"featured_media":0,"comment_status":"open","ping_status":"closed","sticky":false,"template":"","format":"standard","meta":{"_acf_changed":false,"sync_status":"","episode_type":"","audio_file":"","podmotor_file_id":"","podmotor_episode_id":"","castos_file_data":"","cover_image":"","cover_image_id":"","duration":"","filesize":"","filesize_raw":"","date_recorded":"","explicit":"","block":"","itunes_episode_number":"","itunes_title":"","itunes_season_number":"","itunes_episode_type":"","ep_exclude_from_search":false,"footnotes":""},"categories":[1600],"pv_series":[],"class_list":["post-9835","post","type-post","status-publish","format-standard","hentry","category-news-fr"],"acf":[],"jetpack_featured_media_url":"","_links":{"self":[{"href":"https:\/\/plumvillage.org\/fr\/wp-json\/wp\/v2\/posts\/9835","targetHints":{"allow":["GET"]}}],"collection":[{"href":"https:\/\/plumvillage.org\/fr\/wp-json\/wp\/v2\/posts"}],"about":[{"href":"https:\/\/plumvillage.org\/fr\/wp-json\/wp\/v2\/types\/post"}],"author":[{"embeddable":true,"href":"https:\/\/plumvillage.org\/fr\/wp-json\/wp\/v2\/users\/1060"}],"replies":[{"embeddable":true,"href":"https:\/\/plumvillage.org\/fr\/wp-json\/wp\/v2\/comments?post=9835"}],"version-history":[{"count":0,"href":"https:\/\/plumvillage.org\/fr\/wp-json\/wp\/v2\/posts\/9835\/revisions"}],"wp:attachment":[{"href":"https:\/\/plumvillage.org\/fr\/wp-json\/wp\/v2\/media?parent=9835"}],"wp:term":[{"taxonomy":"category","embeddable":true,"href":"https:\/\/plumvillage.org\/fr\/wp-json\/wp\/v2\/categories?post=9835"},{"taxonomy":"pv_series","embeddable":true,"href":"https:\/\/plumvillage.org\/fr\/wp-json\/wp\/v2\/pv_series?post=9835"}],"curies":[{"name":"wp","href":"https:\/\/api.w.org\/{rel}","templated":true}]}}